{"id":842,"date":"2025-09-21T20:01:54","date_gmt":"2025-09-21T20:01:54","guid":{"rendered":"http:\/\/lowcaly-new.local\/?post_type=article&#038;p=842"},"modified":"2025-10-08T08:21:46","modified_gmt":"2025-10-08T08:21:46","slug":"vad-ar-en-bra-frukost","status":"publish","type":"article","link":"https:\/\/www.lowcaly.com\/sv\/artiklar\/vad-ar-en-bra-frukost\/","title":{"rendered":"Vad \u00e4r en bra frukost?"},"content":{"rendered":"\n<div class=\"wp-block-lowcaly-blocks-whitespace lowcaly-whitespace\" style=\"--desktop-height:6rem;--mobile-height:4rem;height:var(--desktop-height);display:block;width:100%\"><\/div>\n\n\n\n<div class=\"wp-block-lowcaly-blocks-headline lowcaly-headline max-width--site-narrow\"><h2 class=\"headline headline-text heading--large color-primary text-align--center\">VAD \u00c4R EN BRA FRUKOST?<\/h2><\/div>\n\n\n\n<div class=\"wp-block-lowcaly-blocks-whitespace lowcaly-whitespace\" style=\"--desktop-height:1rem;--mobile-height:1rem;height:var(--desktop-height);display:block;width:100%\"><\/div>\n\n\n\n<div class=\"wp-block-lowcaly-blocks-simple-image lowcaly-simple-image max-width--site-narrow image-align--center width-full\" style=\"--mobile-object-fit:cover\"><div class=\"simple-image-container\"><img decoding=\"async\" src=\"http:\/\/www.lowcaly.com\/wp-content\/uploads\/2025\/09\/vadarenbrafrukost.jpg\" alt=\"\" style=\"object-fit:cover;width:100%;height:auto\" class=\"simple-image simple-image--desktop\"\/><\/div><\/div>\n\n\n\n<div class=\"wp-block-lowcaly-blocks-whitespace lowcaly-whitespace\" style=\"--desktop-height:1rem;--mobile-height:1rem;height:var(--desktop-height);display:block;width:100%\"><\/div>\n\n\n<div class=\"wp-block-lowcaly-blocks-post-published-row max-width--site-narrow\"><div class=\"post-published-row-text content--large color-primary text-align--left\">Artikel \/\/ 21 sep 2025<\/div><\/div>\n\n\n<div class=\"wp-block-lowcaly-blocks-whitespace lowcaly-whitespace\" style=\"--desktop-height:1rem;--mobile-height:1rem;height:var(--desktop-height);display:block;width:100%\"><\/div>\n\n\n\n<div class=\"wp-block-lowcaly-blocks-simple-content lowcaly-simple-content max-width--site-narrow\"><div class=\"simple-content-text content--large color-primary text-align--left content--ingress \"><p>Du har s\u00e4kert h\u00f6rt att frukost \u00e4r dagens viktigaste m\u00e5l \u2013 men det \u00e4r ocks\u00e5 den m\u00e5ltid vi oftast slarvar med. En genomt\u00e4nkt frukost kan ge en b\u00e4ttre start p\u00e5 dagen och g\u00f6ra skillnad f\u00f6r hur vi orkar med resten av den.<\/p><\/div><\/div>\n\n\n\n<div class=\"wp-block-lowcaly-blocks-whitespace lowcaly-whitespace\" style=\"--desktop-height:0.5rem;--mobile-height:0.5rem;height:var(--desktop-height);display:block;width:100%\"><\/div>\n\n\n\n<div class=\"wp-block-lowcaly-blocks-simple-content lowcaly-simple-content max-width--site-narrow\"><div class=\"simple-content-text content--small color-primary text-align--left  \"><p>Text: Nomen Nescio \/ Foto: Shuttertsock<\/p><\/div><\/div>\n\n\n\n<div class=\"wp-block-lowcaly-blocks-whitespace lowcaly-whitespace\" style=\"--desktop-height:3rem;--mobile-height:3rem;height:var(--desktop-height);display:block;width:100%\"><\/div>\n\n\n\n<div class=\"wp-block-lowcaly-blocks-simple-content lowcaly-simple-content max-width--site-narrow\"><h2 class=\"simple-content-headline heading--small color-primary text-align--left\"><strong>Varf\u00f6r \u00e4r frukost viktigt?<\/strong><\/h2><div class=\"simple-content-text content--medium color-primary text-align--left  \"><p>Efter nattens fasta beh\u00f6ver kroppen ny energi. En bra frukost kan bidra till en mer balanserad vardag och hj\u00e4lpa dig att h\u00e5lla dig n\u00f6jd l\u00e4ngre.<\/p><p>Visste du att? Enligt Livsmedelsverket best\u00e5r svenskarnas vanligaste frukost av en ostsm\u00f6rg\u00e5s med vatten eller mj\u00f6lk. Det funkar \u2013 men det finns alternativ som kan ge mer variation, smak och n\u00e4ring.<\/p><\/div><\/div>\n\n\n\n<div class=\"wp-block-lowcaly-blocks-whitespace lowcaly-whitespace\" style=\"--desktop-height:3rem;--mobile-height:3rem;height:var(--desktop-height);display:block;width:100%\"><\/div>\n\n\n\n<div class=\"wp-block-lowcaly-blocks-simple-content lowcaly-simple-content max-width--site-narrow\"><h2 class=\"simple-content-headline heading--small color-primary text-align--left\"><strong>Vad ska en frukost inneh\u00e5lla?<\/strong><\/h2><div class=\"simple-content-text content--medium color-primary text-align--left  \"><p>En balanserad frukost inneh\u00e5ller b\u00e5de energi och n\u00e4ring. T\u00e4nk p\u00e5 att f\u00e5 med:<\/p><\/div><\/div>\n\n\n\n<div class=\"wp-block-lowcaly-blocks-whitespace lowcaly-whitespace\" style=\"--desktop-height:1rem;--mobile-height:1rem;height:var(--desktop-height);display:block;width:100%\"><\/div>\n\n\n\n<div class=\"wp-block-lowcaly-blocks-simple-content lowcaly-simple-content max-width--site-narrow background-secondary\" style=\"--background-padding:1rem\"><ul class=\"simple-content-text content--medium color-secondary text-align--left content--list list--unordered list--dot list--padded list--spacing-default\"><li><p><em>Kolhydrater och fett<\/em> \u2013 ger energi f\u00f6r dagen<\/p><\/li><li><em>Protein och fibrer <\/em>\u2013 bidrar till en mer l\u00e5ngvarig m\u00e4ttnad<\/li><li><em>Vitaminer och mineraler <\/em>\u2013 st\u00e4rker kroppen p\u00e5 olika s\u00e4tt<\/li><\/ul><\/div>\n\n\n\n<div class=\"wp-block-lowcaly-blocks-whitespace lowcaly-whitespace\" style=\"--desktop-height:1rem;--mobile-height:1rem;height:var(--desktop-height);display:block;width:100%\"><\/div>\n\n\n\n<div class=\"wp-block-lowcaly-blocks-simple-content lowcaly-simple-content max-width--site-narrow\"><div class=\"simple-content-text content--medium color-primary text-align--left  \"><p>Exempel p\u00e5 en bra frukost:<\/p><\/div><\/div>\n\n\n\n<div class=\"wp-block-lowcaly-blocks-whitespace lowcaly-whitespace\" style=\"--desktop-height:1rem;--mobile-height:1rem;height:var(--desktop-height);display:block;width:100%\"><\/div>\n\n\n\n<div class=\"wp-block-lowcaly-blocks-simple-content lowcaly-simple-content max-width--site-narrow background-secondary\" style=\"--background-padding:1rem\"><ul class=\"simple-content-text content--medium color-secondary text-align--left content--list list--unordered list--dot list--padded list--spacing-default\"><li><p>Havregrynsgr\u00f6t med b\u00e4r och n\u00f6tter<\/p><\/li><li>Fullkornsbr\u00f6d med avokado och \u00e4gg<\/li><li>Naturell yoghurt med fr\u00f6n och frukt<\/li><li>En sockerfri frukostdryck berikad med vitaminer<\/li><\/ul><\/div>\n\n\n\n<div class=\"wp-block-lowcaly-blocks-whitespace lowcaly-whitespace\" style=\"--desktop-height:1rem;--mobile-height:1rem;height:var(--desktop-height);display:block;width:100%\"><\/div>\n\n\n\n<div class=\"wp-block-lowcaly-blocks-simple-content lowcaly-simple-content max-width--site-narrow\"><div class=\"simple-content-text content--medium color-primary text-align--left  \"><p>Lowcalys sockerfria <a href=\"https:\/\/www.lowcaly.com\/sv\/produkter\/frukostdryck\/\" title=\"\">frukostdryck<\/a>\u00a0\u00e4r ett enkelt s\u00e4tt att f\u00e5 en fr\u00e4sch start p\u00e5 dagen \u2013 utan on\u00f6digt socker, men med viktiga vitaminer som D-vitamin, C-vitamin och B-vitaminer.<\/p><\/div><\/div>\n\n\n\n<div class=\"wp-block-lowcaly-blocks-whitespace lowcaly-whitespace\" style=\"--desktop-height:3rem;--mobile-height:3rem;height:var(--desktop-height);display:block;width:100%\"><\/div>\n\n\n\n<div class=\"wp-block-lowcaly-blocks-simple-content lowcaly-simple-content max-width--site-narrow\"><h2 class=\"simple-content-headline heading--small color-primary text-align--left\"><strong><strong><strong>Frukost innan tr\u00e4ning<\/strong><\/strong><\/strong><\/h2><div class=\"simple-content-text content--medium color-primary text-align--left  \"><p>Om du tr\u00e4nar p\u00e5 morgonen kan det vara smart att \u00e4ta n\u00e5got litet innan. Kolhydrater ger snabb energi, och efter en natts fasta kan energiniv\u00e5erna vara l\u00e5ga.<\/p><\/div><\/div>\n\n\n\n<div class=\"wp-block-lowcaly-blocks-whitespace lowcaly-whitespace\" style=\"--desktop-height:1rem;--mobile-height:1rem;height:var(--desktop-height);display:block;width:100%\"><\/div>\n\n\n\n<div class=\"wp-block-lowcaly-blocks-simple-content lowcaly-simple-content max-width--site-narrow\"><ul class=\"simple-content-text content--medium color-primary text-align--left content--list list--unordered list--dot list--padded list--spacing-default\"><li><p><em>Kortare pass: <\/em>En banan eller en smoothie kan r\u00e4cka<\/p><\/li><li><em>L\u00e4ngre eller intensiv tr\u00e4ning:<\/em> En mer m\u00e4ttande frukost kan ge b\u00e4ttre ork<\/li><\/ul><\/div>\n\n\n\n<div class=\"wp-block-lowcaly-blocks-whitespace lowcaly-whitespace\" style=\"--desktop-height:3rem;--mobile-height:3rem;height:var(--desktop-height);display:block;width:100%\"><\/div>\n\n\n\n<div class=\"wp-block-lowcaly-blocks-simple-content lowcaly-simple-content max-width--site-narrow\"><h2 class=\"simple-content-headline heading--small color-primary text-align--left\"><strong><strong><strong><strong>Sammanfattning<\/strong><\/strong><\/strong><\/strong><\/h2><div class=\"simple-content-text content--medium color-primary text-align--left  \"><p>Frukosten s\u00e4tter tonen f\u00f6r hela dagen. Genom att v\u00e4lja proteinrika livsmedel, l\u00e5ngsamma kolhydrater och mat som bidrar med vitaminer och mineraler blir det enklare att f\u00e5 en bra start.<\/p><p>Vill du g\u00f6ra din frukost b\u00e5de enkel och god?<\/p><\/div><\/div>\n\n\n\n<div class=\"wp-block-lowcaly-blocks-whitespace lowcaly-whitespace\" style=\"--desktop-height:3rem;--mobile-height:3rem;height:var(--desktop-height);display:block;width:100%\"><\/div>\n\n\n\n<div class=\"wp-block-lowcaly-blocks-button lowcaly-button-block max-width--site-narrow\"><div class=\"button-container\"><div class=\"button-wrapper\"><div class=\"button-item\"><a class=\"btn btn-border btn-primary\" href=\"https:\/\/www.lowcaly.com\/sv\/produkter\/frukostdryck\/\">Uppt\u00e4ck Lowcalys sockerfria frukostdryck<\/a><\/div><\/div><\/div><\/div>\n\n\n\n<div class=\"wp-block-lowcaly-blocks-whitespace lowcaly-whitespace\" style=\"--desktop-height:6rem;--mobile-height:6rem;height:var(--desktop-height);display:block;width:100%\"><\/div>\n\n\n<div class=\"wp-block-lowcaly-blocks-inspiration-display lowcaly-inspiration-display max-width--site-default\" data-display-mode=\"latest\" data-post-types=\"[&quot;article&quot;,&quot;news&quot;,&quot;recipe&quot;]\" data-post-type-labels=\"{&quot;article&quot;:&quot;Artiklar&quot;,&quot;news&quot;:&quot;Nyheter&quot;,&quot;recipe&quot;:&quot;Recept&quot;}\" data-selected-posts=\"[]\" data-show-post-type-filters=\"false\" data-card-max-width=\"300\" data-posts-per-page=\"3\" data-cta-text=\"Read more\" data-enable-pagination=\"false\" data-posts-per-page-paginated=\"12\" data-pagination-prev-label=\"Previous\" data-pagination-next-label=\"Next\" data-related-products=\"[]\" data-current-language=\"sv\" data-posts=\"[{&quot;id&quot;:1927,&quot;title&quot;:{&quot;rendered&quot;:&quot;Apples &amp;\\u00a0Pear,\\u00a0en ny sockerfri frukostdryck i juicehyllan\\u00a0&quot;},&quot;link&quot;:&quot;https:\\\/\\\/www.lowcaly.com\\\/sv\\\/artiklar\\\/apples-pear-en-ny-sockerfri-frukostdryck-i-juicehyllan\\\/&quot;,&quot;date&quot;:&quot;2026-02-10T08:59:19+00:00&quot;,&quot;featured_image&quot;:&quot;https:\\\/\\\/www.lowcaly.com\\\/wp-content\\\/uploads\\\/2026\\\/02\\\/lowcaly_applepear_podium01-768x768.jpg&quot;,&quot;excerpt&quot;:&quot;Januari \\u00e4r m\\u00e5naden d\\u00e5 m\\u00e5nga vill b\\u00f6rja om p\\u00e5 nytt. Men hur g\\u00f6r man f\\u00f6r att hitta motivationen och faktiskt&hellip;&quot;,&quot;post_type&quot;:&quot;article&quot;,&quot;post_type_singular_name&quot;:&quot;Artikel&quot;},{&quot;id&quot;:1863,&quot;title&quot;:{&quot;rendered&quot;:&quot;Nystart med Anna Haag&quot;},&quot;link&quot;:&quot;https:\\\/\\\/www.lowcaly.com\\\/sv\\\/artiklar\\\/nystart-med-anna-haag\\\/&quot;,&quot;date&quot;:&quot;2026-01-01T07:55:00+00:00&quot;,&quot;featured_image&quot;:&quot;https:\\\/\\\/www.lowcaly.com\\\/wp-content\\\/uploads\\\/2025\\\/12\\\/3S9A9577-Redigera-Redigera-scaled-e1767015995819-768x881.jpg&quot;,&quot;excerpt&quot;:&quot;Januari \\u00e4r m\\u00e5naden d\\u00e5 m\\u00e5nga vill b\\u00f6rja om p\\u00e5 nytt. Men hur g\\u00f6r man f\\u00f6r att hitta motivationen och faktiskt&hellip;&quot;,&quot;post_type&quot;:&quot;article&quot;,&quot;post_type_singular_name&quot;:&quot;Artikel&quot;},{&quot;id&quot;:1022,&quot;title&quot;:{&quot;rendered&quot;:&quot;Milky Tropical Drink&quot;},&quot;link&quot;:&quot;https:\\\/\\\/www.lowcaly.com\\\/sv\\\/recept\\\/milky-tropical-drink\\\/&quot;,&quot;date&quot;:&quot;2025-12-30T08:43:00+00:00&quot;,&quot;featured_image&quot;:&quot;https:\\\/\\\/www.lowcaly.com\\\/wp-content\\\/uploads\\\/2025\\\/09\\\/tropicalrecept_Webb02-768x768.jpg&quot;,&quot;excerpt&quot;:&quot;En kr\\u00e4mig och fr\\u00e4sch drink med tropiska vibbar \\u2013 perfekt n\\u00e4r du vill ha n\\u00e5got l\\u00e4tt, svalkande och lite exotiskt.&quot;,&quot;post_type&quot;:&quot;recipe&quot;,&quot;post_type_singular_name&quot;:&quot;Recept&quot;}]\" data-server-rendered=\"true\"><div class=\"inspiration-display\"><div class=\"inspiration-display__grid\" style=\"--card-max-width: 300px;\"><div class=\"inspiration-display__card\"><a href=\"https:\/\/www.lowcaly.com\/sv\/artiklar\/apples-pear-en-ny-sockerfri-frukostdryck-i-juicehyllan\/\" class=\"inspiration-display__card-link\"><div class=\"inspiration-display__image\"><img decoding=\"async\" src=\"https:\/\/www.lowcaly.com\/wp-content\/uploads\/2026\/02\/lowcaly_applepear_podium01-768x768.jpg\" alt=\"Apples &amp;\u00a0Pear,\u00a0en ny sockerfri frukostdryck i juicehyllan\u00a0\" \/><\/div><div class=\"inspiration-display__content\"><div class=\"inspiration-display__meta\"><span class=\"inspiration-display__type inspiration-display__type--article\">Artikel<\/span><\/div><h3 class=\"inspiration-display__title heading--small\">Apples &amp;\u00a0Pear,\u00a0en ny sockerfri frukostdryck i juicehyllan\u00a0<\/h3><div class=\"inspiration-display__excerpt content--medium\">Januari \u00e4r m\u00e5naden d\u00e5 m\u00e5nga vill b\u00f6rja om p\u00e5 nytt. Men hur g\u00f6r man f\u00f6r att hitta motivationen och faktiskt&hellip;<\/div><div class=\"inspiration-display__link content--medium\"><span class=\"inspiration-display__read-more\">Read more<svg width=\"35\" height=\"12\" viewBox=\"0 0 35 14\" class=\"article-card-arrow\">\n        <line x1=\"0\" y1=\"8\" x2=\"35\" y2=\"8\" stroke=\"currentColor\" stroke-width=\"1\"\/>\n        <polyline points=\"30,4 35,8 30,12\" fill=\"none\" stroke=\"currentColor\" stroke-width=\"1\"\/>\n    <\/svg><\/span><\/div><\/div><\/a><\/div><div class=\"inspiration-display__card\"><a href=\"https:\/\/www.lowcaly.com\/sv\/artiklar\/nystart-med-anna-haag\/\" class=\"inspiration-display__card-link\"><div class=\"inspiration-display__image\"><img decoding=\"async\" src=\"https:\/\/www.lowcaly.com\/wp-content\/uploads\/2025\/12\/3S9A9577-Redigera-Redigera-scaled-e1767015995819-768x881.jpg\" alt=\"Nystart med Anna Haag\" \/><\/div><div class=\"inspiration-display__content\"><div class=\"inspiration-display__meta\"><span class=\"inspiration-display__type inspiration-display__type--article\">Artikel<\/span><\/div><h3 class=\"inspiration-display__title heading--small\">Nystart med Anna Haag<\/h3><div class=\"inspiration-display__excerpt content--medium\">Januari \u00e4r m\u00e5naden d\u00e5 m\u00e5nga vill b\u00f6rja om p\u00e5 nytt. Men hur g\u00f6r man f\u00f6r att hitta motivationen och faktiskt&hellip;<\/div><div class=\"inspiration-display__link content--medium\"><span class=\"inspiration-display__read-more\">Read more<svg width=\"35\" height=\"12\" viewBox=\"0 0 35 14\" class=\"article-card-arrow\">\n        <line x1=\"0\" y1=\"8\" x2=\"35\" y2=\"8\" stroke=\"currentColor\" stroke-width=\"1\"\/>\n        <polyline points=\"30,4 35,8 30,12\" fill=\"none\" stroke=\"currentColor\" stroke-width=\"1\"\/>\n    <\/svg><\/span><\/div><\/div><\/a><\/div><div class=\"inspiration-display__card\"><a href=\"https:\/\/www.lowcaly.com\/sv\/recept\/milky-tropical-drink\/\" class=\"inspiration-display__card-link\"><div class=\"inspiration-display__image\"><img decoding=\"async\" src=\"https:\/\/www.lowcaly.com\/wp-content\/uploads\/2025\/09\/tropicalrecept_Webb02-768x768.jpg\" alt=\"Milky Tropical Drink\" \/><\/div><div class=\"inspiration-display__content\"><div class=\"inspiration-display__meta\"><span class=\"inspiration-display__type inspiration-display__type--recipe\">Recept<\/span><\/div><h3 class=\"inspiration-display__title heading--small\">Milky Tropical Drink<\/h3><div class=\"inspiration-display__excerpt content--medium\">En kr\u00e4mig och fr\u00e4sch drink med tropiska vibbar \u2013 perfekt n\u00e4r du vill ha n\u00e5got l\u00e4tt, svalkande och lite exotiskt.<\/div><div class=\"inspiration-display__link content--medium\"><span class=\"inspiration-display__read-more\">Read more<svg width=\"35\" height=\"12\" viewBox=\"0 0 35 14\" class=\"article-card-arrow\">\n        <line x1=\"0\" y1=\"8\" x2=\"35\" y2=\"8\" stroke=\"currentColor\" stroke-width=\"1\"\/>\n        <polyline points=\"30,4 35,8 30,12\" fill=\"none\" stroke=\"currentColor\" stroke-width=\"1\"\/>\n    <\/svg><\/span><\/div><\/div><\/a><\/div><\/div><\/div><\/div>\n\n\n<div class=\"wp-block-lowcaly-blocks-whitespace lowcaly-whitespace\" style=\"--desktop-height:4rem;--mobile-height:4rem;height:var(--desktop-height);display:block;width:100%\"><\/div>\n\n\n\n<div class=\"wp-block-lowcaly-blocks-button lowcaly-button-block max-width--site-default\"><div class=\"button-container\"><div class=\"button-wrapper\"><div class=\"button-item\"><a class=\"btn btn-border btn-primary\" href=\"https:\/\/www.lowcaly.com\/sv\/inspiration\/\">Se all v\u00e5r inspiration<\/a><\/div><\/div><\/div><\/div>\n\n\n\n<div class=\"wp-block-lowcaly-blocks-whitespace lowcaly-whitespace\" style=\"--desktop-height:6rem;--mobile-height:6rem;height:var(--desktop-height);display:block;width:100%\"><\/div>\n","protected":false},"template":"","meta":{"_acf_changed":true,"footnotes":""},"class_list":["post-842","article","type-article","status-publish","hentry"],"acf":[],"aioseo_notices":[],"_links":{"self":[{"href":"https:\/\/www.lowcaly.com\/sv\/wp-json\/wp\/v2\/article\/842","targetHints":{"allow":["GET"]}}],"collection":[{"href":"https:\/\/www.lowcaly.com\/sv\/wp-json\/wp\/v2\/article"}],"about":[{"href":"https:\/\/www.lowcaly.com\/sv\/wp-json\/wp\/v2\/types\/article"}],"version-history":[{"count":0,"href":"https:\/\/www.lowcaly.com\/sv\/wp-json\/wp\/v2\/article\/842\/revisions"}],"wp:attachment":[{"href":"https:\/\/www.lowcaly.com\/sv\/wp-json\/wp\/v2\/media?parent=842"}],"curies":[{"name":"wp","href":"https:\/\/api.w.org\/{rel}","templated":true}]}}